{"id":1,"date":"2020-08-17T17:12:39","date_gmt":"2020-08-17T17:12:39","guid":{"rendered":"http:\/\/julianfrancoo.com\/?p=1"},"modified":"2020-08-27T10:01:09","modified_gmt":"2020-08-27T10:01:09","slug":"hello-world","status":"publish","type":"post","link":"https:\/\/julianfrancoo.com\/index.php\/2020\/08\/17\/hello-world\/","title":{"rendered":"Introducci\u00f3n a la Fotograf\u00eda"},"content":{"rendered":"\n<p><em>En lo relacionado a las comunicaciones, la im\u00e1gen juega un papel fundamental. Desde la \u00e9poca de las fotograf\u00edas \u00fanicamente en medios impresos en donde al d\u00eda, pod\u00edamos estar expuestos a una decena, vivimos ahora rodeados de cientos de miles de im\u00e1genes subidas por cualquier medio digital, y cada una de estas, intenta decirnos algo; seg\u00fan parece, estamos asistiendo a un momento estelar de la fotograf\u00eda, en donde ahora, todos podemos ser generadores de contenido usando simplemente un tel\u00e9fono. Es momento entonces de analizar con calma la importancia de este arte.<\/em><\/p>\n\n\n\n<p>Me encuentro ahora mismo, paso a paso, escribiendo un libro, sobre c\u00f3mo aprender a tomar fotograf\u00edas. Es por esta raz\u00f3n, que he querido compartir algunos capitulos de mi libro, en donde vamos a analizar algunos aspectos de la fotograf\u00eda, desde el punto de vista comunicativo.<\/p>\n\n\n\n<p><strong>Introducci\u00f3n<\/strong><\/p>\n\n\n\n<p>La fotograf\u00eda es un lenguaje universal; si por ejemplo, alguien nos preguntara qu\u00e9 hicimos ayer, en nuestra mente ver\u00edamos im\u00e1genes: Im\u00e1genes de personas, im\u00e1genes de lugares, y podr\u00edamos contar una historia a partir de esas im\u00e1genes.<\/p>\n\n\n\n<p>La im\u00e1genes, son representaciones de la realidad que pueden tomar muchas formas. A prop\u00f3sito de las im\u00e1genes, vivimos en una \u00e9poca, en que las im\u00e1genes lo son todo: El fen\u00f3meno de las redes sociales ha cambiado la manera y la forma como nos comunicamos. La im\u00e1genes juegan un papel ahora protag\u00f3nico en nuestras vidas.<\/p>\n\n\n\n<p>Cuando yo estudiaba periodismo en la Universidad, nada de lo anterior exist\u00eda: Internet hasta ahora iba creciendo, y yo empleaba gran parte de mi tiempo explicando a las personas por qu\u00e9 era importante en im\u00e1genes, explicar actividades. En ese momento de la vida, estudi\u00e1bamos fotograf\u00eda, con el objetivo de si hab\u00eda alguna oportunidad, trabajar en un medio, o en un peri\u00f3dico, y poder con el uso de im\u00e1genes, soportar lo que escrib\u00edamos\u2026<\/p>\n\n\n\n<p>Todo eso cambi\u00f3 desde entonces: La im\u00e1genes se explican por si solas, y las personas ya no acostumbran leer largos textos, cuando est\u00e1n inmersos en sus tel\u00e9fonos navegando por las redes sociales. Ahora s\u00ed, prevalece aquel dicho que rezaba: <em>\u201cUna imagen vale m\u00e1s que mil palabras\u2026\u201d<\/em> y al final, todo de forma inconsciente, hemos entendido esto, y procuramos a la hora de interactuar en dichas redes, que nuestras im\u00e1genes sean los m\u00e1s explicativas posibles.<\/p>\n\n\n\n<p>Es por esto, que la fotograf\u00eda, es un lenguaje universal.<\/p>\n\n\n\n<p>Al ser ahora la fotograf\u00eda un lenguaje universal, todos la podemos realizar y practicar: Ya no necesitamos ahorrar grandes cantidades de dinero, para acceder a una c\u00e1mara fotogr\u00e1fica para decir que somos \u201cfotografos\u201d<\/p>\n\n\n\n<p>En aquellas \u00e9pocas de universidad, lleg\u00f3 a mis manos una \u201csofisticada\u201d c\u00e1mara Pentax de rollo, con lentes intercambiables, y una gu\u00eda de fotograf\u00eda b\u00e1sica: Yo supon\u00eda que por esta raz\u00f3n, ahora me hab\u00eda convertido en un fot\u00f3grafo\u2026 Nada m\u00e1s alejado de la realidad.<\/p>\n\n\n\n<p>Hoy en d\u00eda, las c\u00e1maras est\u00e1n por todos lados: Desde nuestros tel\u00e9fonos m\u00f3viles, hasta volando por los aires en forma de drones controlados a distancia. \u00bfSon fot\u00f3grafos profesionales y expertos quienes practican la fotograf\u00eda en sus tel\u00e9fonos, o en sus aparatos controlados a distancia? \u2013 Algunos si, otros probablemente, pero la inmensa mayor\u00eda, no lo son.<\/p>\n\n\n\n<p>Son personas como cualquiera de nosotros, que buscan inmortalizar un momento, represent\u00e1ndolo en una imagen.<\/p>\n\n\n\n<p>Todos ahora de forma consiente e inconsciente pensamos en recurrir a la fotograf\u00eda, para comunicar algo, y si no creen que es as\u00ed, una \u201cpasada\u201d por las redes sociales, nos dar\u00e1 un parte de c\u00f3mo est\u00e1 la situaci\u00f3n en este momento.<\/p>\n\n\n\n<p>Todos somos fot\u00f3grafos inhatos y solo nos basta contar con un dispositivo simple, para realizar fotograf\u00edas. De acuerdo a esto, podr\u00eda decir entonces que este curso, no va enfocado a futuros fot\u00f3grafos, ni tampoco a fot\u00f3grafos aficionados, ni mucho menos a aprendices de fotograf\u00eda. Prefiero partir del hecho que todos somos fot\u00f3grafos, y queremos practicar y profundizar ciertos conceptos, para desarrollar mejores t\u00e9cnicas.<\/p>\n\n\n\n<p>Si Ud. se siente listo para comenzar este viaje al mundo de la im\u00e1genes, este es su curso, y este es el lugar de partida. El curso va desde las nociones m\u00e1s b\u00e1sicas de fotograf\u00eda, hasta los conceptos m\u00e1s avanzados. D\u00e9se la oportunidad de leer cada capitulo en orden, a\u00fan si considera que ciertos conceptos ya los domina: Siempre hay algo nuevo que aprender: \u201cDespu\u00e9s de todo, no podemos saberlo todo\u201d<\/p>\n\n\n\n<div class=\"wp-block-image\"><figure class=\"aligncenter size-large\"><img loading=\"lazy\" width=\"900\" height=\"675\" src=\"http:\/\/julianfrancoo.com\/wp-content\/uploads\/2020\/08\/JulianFranco_CanonCamara.jpg\" alt=\"\" class=\"wp-image-245\" srcset=\"https:\/\/julianfrancoo.com\/wp-content\/uploads\/2020\/08\/JulianFranco_CanonCamara.jpg 900w, https:\/\/julianfrancoo.com\/wp-content\/uploads\/2020\/08\/JulianFranco_CanonCamara-300x225.jpg 300w, https:\/\/julianfrancoo.com\/wp-content\/uploads\/2020\/08\/JulianFranco_CanonCamara-768x576.jpg 768w\" sizes=\"(max-width: 900px) 100vw, 900px\" \/><figcaption><em>Los equipos que he utilizado como fot\u00f3grafo a lo largo de 20 a\u00f1os<\/em><\/figcaption><\/figure><\/div>\n\n\n\n<p>El libro est\u00e1 escrito en un lenguaje amistoso, descomplicado, y est\u00e1 acompa\u00f1ado de videos, fotograf\u00edas de ejemplo, y ejercicios al final de cada capitulo. Est\u00e1 escrito a partir de la experiencia de mi esposa y m\u00eda, como profesores de fotograf\u00eda, con alumnos de diferentes edades a lo largo de estos a\u00f1os. Sin m\u00e1s pre\u00e1mbulo, nos alegra darle la bienvenida y que la experiencia sea la m\u00e1s constructiva de todas.<\/p>\n\n\n\n<p>Juli\u00e1n Franco Ocampo<\/p>\n","protected":false},"excerpt":{"rendered":"<p>En lo relacionado a las comunicaciones, la im\u00e1gen juega un papel fundamental. Desde la \u00e9poca de las fotograf\u00edas \u00fanicamente en medios impresos en donde al d\u00eda, pod\u00edamos estar expuestos a una decena, vivimos ahora rodeados de cientos de miles de im\u00e1genes subidas por cualquier medio digital, y cada una de estas, intenta decirnos algo; seg\u00fan [&hellip;]<\/p>\n","protected":false},"author":2,"featured_media":246,"comment_status":"open","ping_status":"open","sticky":false,"template":"","format":"aside","meta":[],"categories":[6,7,5,8],"tags":[10,12,13,9,14,11],"_links":{"self":[{"href":"https:\/\/julianfrancoo.com\/index.php\/wp-json\/wp\/v2\/posts\/1"}],"collection":[{"href":"https:\/\/julianfrancoo.com\/index.php\/wp-json\/wp\/v2\/posts"}],"about":[{"href":"https:\/\/julianfrancoo.com\/index.php\/wp-json\/wp\/v2\/types\/post"}],"author":[{"embeddable":true,"href":"https:\/\/julianfrancoo.com\/index.php\/wp-json\/wp\/v2\/users\/2"}],"replies":[{"embeddable":true,"href":"https:\/\/julianfrancoo.com\/index.php\/wp-json\/wp\/v2\/comments?post=1"}],"version-history":[{"count":1,"href":"https:\/\/julianfrancoo.com\/index.php\/wp-json\/wp\/v2\/posts\/1\/revisions"}],"predecessor-version":[{"id":360,"href":"https:\/\/julianfrancoo.com\/index.php\/wp-json\/wp\/v2\/posts\/1\/revisions\/360"}],"wp:featuredmedia":[{"embeddable":true,"href":"https:\/\/julianfrancoo.com\/index.php\/wp-json\/wp\/v2\/media\/246"}],"wp:attachment":[{"href":"https:\/\/julianfrancoo.com\/index.php\/wp-json\/wp\/v2\/media?parent=1"}],"wp:term":[{"taxonomy":"category","embeddable":true,"href":"https:\/\/julianfrancoo.com\/index.php\/wp-json\/wp\/v2\/categories?post=1"},{"taxonomy":"post_tag","embeddable":true,"href":"https:\/\/julianfrancoo.com\/index.php\/wp-json\/wp\/v2\/tags?post=1"}],"curies":[{"name":"wp","href":"https:\/\/api.w.org\/{rel}","templated":true}]}}